{"id":3929,"date":"2013-04-08T14:24:03","date_gmt":"2013-04-08T12:24:03","guid":{"rendered":"http:\/\/www.vallettavalsecchi.it\/?p=3929"},"modified":"2013-04-11T09:11:08","modified_gmt":"2013-04-11T07:11:08","slug":"millepiedini-o-progetto-piedibus-delle-mantua-mothers","status":"publish","type":"post","link":"https:\/\/www.vallettavalsecchi.it\/?p=3929","title":{"rendered":"Millepiedini, o progetto Piedibus delle Mantua Mothers"},"content":{"rendered":"<p>Tutte le mattine il MILLEPIEDINI accompagna i bambini a scuola nel percorso di sola andata. Sono vari i percorsi proposti; scegliete in base alle vostre esigenze quello che vi \u00e8 pi\u00f9 comodo. Potete salire alla fermata \u201csotto casa\u201d oppure a quella che intercettate lungo la strada che vi porta al lavoro.<\/p>\n<p>Per iscrivere i vostri figli al PEDIBUS MILLEPIEDINI e segnalare la vostra eventuale disponibilit\u00e0 a diventare pediautisti, anche solo per qualche giorno, compilate il modulo di iscrizione e consegnatelo alle insegnanti. Per garantire massima visibilit\u00e0 e sicurezza ai bambini partecipanti verranno consegnati gratuitamente dei distintivi da indossare lungo il percorso.<em id=\"__mceDel\"><br \/>\nPer informazioni o chiarimenti potete contattare la Scuola o i genitori del Comitato Pedibus ai seguenti numeri:<br \/>\n349 0723539 Alessandra<br \/>\n347 8332500 Annarosa<\/em><\/p>\n<p><a href=\"http:\/\/www.vallettavalsecchi.it\/wp-content\/uploads\/2013\/04\/pedibusLogo.jpg\"><img loading=\"lazy\" decoding=\"async\" class=\"alignnone size-medium wp-image-3952\" alt=\"pedibusLogo\" src=\"http:\/\/www.vallettavalsecchi.it\/wp-content\/uploads\/2013\/04\/pedibusLogo-300x158.jpg\" width=\"300\" height=\"158\" srcset=\"https:\/\/www.vallettavalsecchi.it\/wp-content\/uploads\/2013\/04\/pedibusLogo-300x158.jpg 300w, https:\/\/www.vallettavalsecchi.it\/wp-content\/uploads\/2013\/04\/pedibusLogo.jpg 712w\" sizes=\"auto, (max-width: 300px) 100vw, 300px\" \/><\/a><\/p>\n<p><strong>6 BUONE RAGIONI PER PARTECIPARE<\/strong><\/p>\n<p><strong>1. Ambiente<\/strong><br \/>\nIl PEDIBUS contribuisce a ridurre la congestione del traffico nell\u2019ora di punta scolastica e a migliorare la qualit\u00e0 dell\u2019aria.<br \/>\n<strong>2. Movimento<\/strong><br \/>\nIl PEDIBUS offre la possibilit\u00e0 ad ogni bambino di fare del regolare esercizio fisico.<br \/>\n<strong>3. Socializzazione<\/strong><br \/>\nIl tragitto a scuola a piedi d\u00e0 ai bambini la possibilit\u00e0 di parlare e di fare nuove amicizie.<br \/>\n<strong>4. Educazione stradale<\/strong><br \/>\nIl Pedibus insegna ai bambini ad orientarsi e ad acquisire una maggiore consapevolezza stradale, cos\u00ec da essere pi\u00f9 preparati quando dovranno affrontare il traffico da soli.<br \/>\n<strong>5. Partecipazione<\/strong><br \/>\nin un unico progetto sono coinvolti bambini, genitori, insegnanti, tecnici comunali, associazioni di volontariato, negozianti e abitanti del quartiere.<br \/>\n<strong>6. Sicurezza<\/strong><br \/>\nI bambini che vanno a scuola con il PEDIBUS sono parte di un gruppo grande e visibile, sorvegliato da adulti e accompagnato in tutta sicurezza.<\/p>\n<h2>Percorsi per le tre scuole:<\/h2>\n<p>Mazzolari:\u00a0<a href=\"http:\/\/www.vallettavalsecchi.it\/wp-content\/uploads\/2013\/04\/Pedibus2013_MAZZOLARI.pdf\">Pedibus2013_MAZZOLARI<\/a>\u00a0(attenzione: cambio capolinea a causa lavori teleriscaldamento)<\/p>\n<p>Redentore:\u00a0<a href=\"http:\/\/www.vallettavalsecchi.it\/wp-content\/uploads\/2013\/04\/Pedibus2013_REDENTORE.pdf\">Pedibus2013_REDENTORE<\/a><\/p>\n<p>Nievo:\u00a0<a href=\"http:\/\/www.vallettavalsecchi.it\/wp-content\/uploads\/2013\/04\/Pedibus2013_NIEVO.pdf\">Pedibus2013_NIEVO<\/a><\/p>\n<p>Millepiedini partir\u00e0 da maggio, fino alla fine delle scuole. Ma riprender\u00e0 a ottobre, per raggiungere le scuole a piedi in ogni stagione, fino a giugno 2014. Essenziale sar\u00e0 la collaborazione dei genitori, \u201cpediautisti\u201d del millepiedi, chiamati a dare la loro disponibilit\u00e0 e ad aggiungersi al gruppo gi\u00e0 attivo. Queste le date di presentazione del progetto nelle varie scuole:<\/p>\n<p>Luned\u00ec 15 aprile: Nievo e Ardig\u00f2<br \/>\nMarted\u00ec 16 aprile: Don Mazzolari<br \/>\nMercoled\u00ec 17 aprile: Redentore<br \/>\nGioved\u00ec 18 aprile: Martiri di Belfiore<br \/>\nLuned\u00ec 22 aprile: Tazzoli<br \/>\nMarted\u00ec 23 aprile: Pomponazzo<br \/>\n========================================================================<\/p>\n<dl>\n<dd>\n<h3>Articolo dalla Gazzetta di Mantova<\/h3>\n<h3><a title=\"Leggi l'articolo\" href=\"http:\/\/gazzettadimantova.gelocal.it\/cronaca\/2013\/04\/04\/news\/bimbi-a-scuola-a-piedi-ecco-il-progetto-pensato-dai-genitori-1.6824726\">Bimbi a scuola a piedi Ecco il progetto delle mamme<\/a><\/h3>\n<p>&#8230;Giulio Romano), Don Mazzolari (Valletta Valsecchi), Martiri di Belfiore (Valletta Paiolo). Coordinato dalle\u00a0<b>Mantua<\/b>\u00a0<b>Mothers<\/b>\u00a0e messo a punto da Alessandra Dusi e Anna Rosa Rizzo (tra le altre mamme), \u201cMillepiedini\u201d punta a coinvolgere&#8230;<\/p>\n<\/dd>\n<\/dl>\n<p>\u2014\u00a0<strong>04 aprile 2013<\/strong>\u00a0\u2014 \u00a0 sezione:\u00a0<strong>MANTOVA<\/strong><br \/>\n=========================================================================<\/p>\n","protected":false},"excerpt":{"rendered":"<p>Tutte le mattine il MILLEPIEDINI accompagna i bambini a scuola nel percorso di sola andata. Sono vari i percorsi proposti; scegliete in base alle vostre esigenze quello che vi \u00e8 pi\u00f9 comodo. Potete salire alla fermata \u201csotto casa\u201d oppure a &hellip; <a href=\"https:\/\/www.vallettavalsecchi.it\/?p=3929\">Continua a leggere<span class=\"meta-nav\">&rarr;<\/span><\/a><\/p>\n","protected":false},"author":2,"featured_media":0,"comment_status":"open","ping_status":"open","sticky":false,"template":"","format":"standard","meta":{"footnotes":""},"categories":[10,16],"tags":[],"class_list":["post-3929","post","type-post","status-publish","format-standard","hentry","category-notizie","category-proposte-avvanzate-dal-quartiere"],"_links":{"self":[{"href":"https:\/\/www.vallettavalsecchi.it\/index.php?rest_route=\/wp\/v2\/posts\/3929","targetHints":{"allow":["GET"]}}],"collection":[{"href":"https:\/\/www.vallettavalsecchi.it\/index.php?rest_route=\/wp\/v2\/posts"}],"about":[{"href":"https:\/\/www.vallettavalsecchi.it\/index.php?rest_route=\/wp\/v2\/types\/post"}],"author":[{"embeddable":true,"href":"https:\/\/www.vallettavalsecchi.it\/index.php?rest_route=\/wp\/v2\/users\/2"}],"replies":[{"embeddable":true,"href":"https:\/\/www.vallettavalsecchi.it\/index.php?rest_route=%2Fwp%2Fv2%2Fcomments&post=3929"}],"version-history":[{"count":13,"href":"https:\/\/www.vallettavalsecchi.it\/index.php?rest_route=\/wp\/v2\/posts\/3929\/revisions"}],"predecessor-version":[{"id":4633,"href":"https:\/\/www.vallettavalsecchi.it\/index.php?rest_route=\/wp\/v2\/posts\/3929\/revisions\/4633"}],"wp:attachment":[{"href":"https:\/\/www.vallettavalsecchi.it\/index.php?rest_route=%2Fwp%2Fv2%2Fmedia&parent=3929"}],"wp:term":[{"taxonomy":"category","embeddable":true,"href":"https:\/\/www.vallettavalsecchi.it\/index.php?rest_route=%2Fwp%2Fv2%2Fcategories&post=3929"},{"taxonomy":"post_tag","embeddable":true,"href":"https:\/\/www.vallettavalsecchi.it\/index.php?rest_route=%2Fwp%2Fv2%2Ftags&post=3929"}],"curies":[{"name":"wp","href":"https:\/\/api.w.org\/{rel}","templated":true}]}}