{"id":37943,"date":"2014-09-11T21:50:18","date_gmt":"2014-09-11T19:50:18","guid":{"rendered":"http:\/\/www.vallettavalsecchi.it\/?p=37943"},"modified":"2014-09-11T21:50:18","modified_gmt":"2014-09-11T19:50:18","slug":"lettera-al-direttore-della-gazzetta-sui-lavori-tea-2014_09_11","status":"publish","type":"post","link":"https:\/\/www.vallettavalsecchi.it\/?p=37943","title":{"rendered":"Lettera al Direttore della Gazzetta sui Lavori Tea (2014_09_11)"},"content":{"rendered":"<p>Lettera del Comitato Valsecchi al Direttore della Gazzetta di Mantova pubblicata come articolo l&#8217;11\/9\/2014 (Il giornale ne ha pubblicato una versione leggermente modificata).<\/p>\n<p>Da pi\u00f9 di un anno i residenti in Valletta Valsecchi stanno subendo il disagio del cantiere di TeaSei s.p.a per la posa della nuove tubazioni del teleriscaldamento cittadino. In questo periodo gli abitanti del quartiere hanno visto di tutto, la viabilit\u00e0 pi\u00f9 volte modificata, anche senza preavviso e con segnaletica approssimativa, divieti di sosta posizionati all&#8217;improvviso per la rimozione delle auto, marciapiedi chiusi (anzi aperti per scavi) senza percorsi alternativi per i pedoni se non quello d&#8217;utilizzare la sede stradale, (immaginiamo anziani o peggio disabili) ruspe che con il loro braccio brandeggiavano all&#8217;interno dei giardini privati o durante il transito delle auto, ciclabili, come quella di piazzale porta Cerese, chiusa in modo arbitrario e senza adeguate indicazioni. Questo ha portato ad incidenti stradali anche gravi come quelli di pedoni investiti sulla sede stradale, dato che le strisce perdonali in quartiere ormai sono solo un ricordo.<\/p>\n<p>Ma la cosa forse peggiore \u00e8 quella di vedere puntualmente disattese le promesse di termine dei lavori. L&#8217;ultima di queste, con lettera del 12\/05\/2014 a firma del direttore di Tea.sei. Ing. Raffagnato prometteva il termine dei lavori, almeno per strada Diga Masetti con l&#8217;asfaltatura definitiva della strada, per fine agosto. Ecco, agosto \u00e8 passato ma via Diga Masetti \u00e8 ancora un cantiere con scavi aperti, asfalto rattoppato e sconnesso, marciapidi non percorribili, e divieti di sosta posizionati ovunque senza alcuna indicazione di durata. Inoltre non possiamo non notare che i lavori procedono a singhiozzo, oggi aprono uno scavo e poi per alcuni giorni non si vede nessuno, salvo notare che gli operai (ormai dopo pi\u00f9 di un anno che sono sotto le nostre case, di vista li conosciamo tutti) stanno lavorando da un&#8217;altra parte del cantiere, magari vicino allo stadio o in via Brennero. All&#8217;inizio dei lavori, nel lontano giugno del 2011, Teasei aveva garantito in un incontro con il Comitato di Quartiere un costante flusso d&#8217;informazione ma quel flusso non c&#8217;\u00e8 mai stato.<\/p>\n<p>Oltre quindi a sollecitare il termine dei lavori ed avere notizie certe circa la loro effettiva conclusione permangono comunque alcune altre domande che nelle precedenti comunicazioni, come quella di TeaSei agli amministratori dei vari condomini del quartiere, non sono state chiarite:<\/p>\n<p>\u2022 Quando \u00e8 previsto il termine dei lavori in quartiere, compreso il parcheggio di strada Diga Masetti?<\/p>\n<p>\u2022 Ad alcuni cittadini del Comitato di Quartiere, TeaSei aveva illustrato il progetto per la riqualificazione di Strada Masetti, con la sistemazione della scarpata. Questa attivit\u00e0 verr\u00e0 eseguita entro tale periodo oppure dobbiamo attenderci, anche dopo la stesura del nuovo manto stradale, un altro cantiere?<\/p>\n<p>\u2022 Allargando poi l&#8217;orizzonte a tutta l&#8217;opera, quando \u00e8 previsto il termine dei lavori in via Brennero con la riapertura completa della strada e la consegna della ciclabile? Via Brennero, gi\u00e0 strada classificata \u201ca rischio d&#8217;incidente rilevante\u201d, \u00e8 diventata ancor pi\u00f9 pericolosa anche per via del rapido e progressivo deterioramento del manto stradale in particolare sulle parti esterne delle corsie, deterioramento che mette a rischio la stabilit\u00e0 delle vetture oltre che la loro integrit\u00e0 meccanica. Inoltre il transito vietato dei mezzi pesanti continua indisturbato e in queste condizioni stradali \u00e8 quanto meno colposo il consentirlo.<\/p>\n<p>\u2022 Rileggendo poi la lettera inviata dall&#8217;ing. Raffagnato ad alcuni amministratori dei condomini di Valletta Valsecchi, a proposito del rifacimento delle tubazioni ed allacci del gas e dell&#8217;acqua si legge \u201c il tutto sar\u00e0 realizzato a totale carico di Tea, senza nessun esborso dei condomini\u201d. Gentili, peccato che nelle fatture di Tea per l&#8217;acqua, arrivate il mese scorso, si legge che: : \u201cil Consiglio Provinciale di Mantova ha deliberato gli incrementi tarif ari per il biennio 2014\u00ad 2015&#8230;&#8230;tale incremento \u00e8 pari al 9%\u201d . NOVE % . L&#8217;Italia \u00e8 in deflazione e la Provincia ci aumenta la tariffa dell&#8217;acqua del 9% !!! E poi i lavori sarebbero a carico di Tea.<\/p>\n","protected":false},"excerpt":{"rendered":"<p>Lettera del Comitato Valsecchi al Direttore della Gazzetta di Mantova pubblicata come articolo l&#8217;11\/9\/2014 (Il giornale ne ha pubblicato una versione leggermente modificata). Da pi\u00f9 di un anno i residenti in Valletta Valsecchi stanno subendo il disagio del cantiere di &hellip; <a href=\"https:\/\/www.vallettavalsecchi.it\/?p=37943\">Continua a leggere<span class=\"meta-nav\">&rarr;<\/span><\/a><\/p>\n","protected":false},"author":1,"featured_media":0,"comment_status":"open","ping_status":"open","sticky":false,"template":"","format":"standard","meta":{"footnotes":""},"categories":[10],"tags":[],"class_list":["post-37943","post","type-post","status-publish","format-standard","hentry","category-notizie"],"_links":{"self":[{"href":"https:\/\/www.vallettavalsecchi.it\/index.php?rest_route=\/wp\/v2\/posts\/37943","targetHints":{"allow":["GET"]}}],"collection":[{"href":"https:\/\/www.vallettavalsecchi.it\/index.php?rest_route=\/wp\/v2\/posts"}],"about":[{"href":"https:\/\/www.vallettavalsecchi.it\/index.php?rest_route=\/wp\/v2\/types\/post"}],"author":[{"embeddable":true,"href":"https:\/\/www.vallettavalsecchi.it\/index.php?rest_route=\/wp\/v2\/users\/1"}],"replies":[{"embeddable":true,"href":"https:\/\/www.vallettavalsecchi.it\/index.php?rest_route=%2Fwp%2Fv2%2Fcomments&post=37943"}],"version-history":[{"count":5,"href":"https:\/\/www.vallettavalsecchi.it\/index.php?rest_route=\/wp\/v2\/posts\/37943\/revisions"}],"predecessor-version":[{"id":37948,"href":"https:\/\/www.vallettavalsecchi.it\/index.php?rest_route=\/wp\/v2\/posts\/37943\/revisions\/37948"}],"wp:attachment":[{"href":"https:\/\/www.vallettavalsecchi.it\/index.php?rest_route=%2Fwp%2Fv2%2Fmedia&parent=37943"}],"wp:term":[{"taxonomy":"category","embeddable":true,"href":"https:\/\/www.vallettavalsecchi.it\/index.php?rest_route=%2Fwp%2Fv2%2Fcategories&post=37943"},{"taxonomy":"post_tag","embeddable":true,"href":"https:\/\/www.vallettavalsecchi.it\/index.php?rest_route=%2Fwp%2Fv2%2Ftags&post=37943"}],"curies":[{"name":"wp","href":"https:\/\/api.w.org\/{rel}","templated":true}]}}